{"id":3420,"date":"2025-09-02T11:27:14","date_gmt":"2025-09-02T14:27:14","guid":{"rendered":"https:\/\/pensecom.com.br\/site\/como-o-setembro-amarelo-pode-transformar-a-cultura-de-cuidado-dentro-das-empresas\/"},"modified":"2025-09-02T11:27:14","modified_gmt":"2025-09-02T14:27:14","slug":"como-o-setembro-amarelo-pode-transformar-a-cultura-de-cuidado-dentro-das-empresas","status":"publish","type":"post","link":"https:\/\/pensecom.com.br\/site\/como-o-setembro-amarelo-pode-transformar-a-cultura-de-cuidado-dentro-das-empresas\/","title":{"rendered":"Como o Setembro Amarelo pode transformar a cultura de cuidado dentro das empresas?"},"content":{"rendered":"<p><span style=\"vertical-align: inherit\" data-mce-style=\"vertical-align: inherit;\"><span style=\"vertical-align: inherit\" data-mce-style=\"vertical-align: inherit;\"><\/p>\n<h2 class=\"wp-block-heading\">Introdu\u00e7\u00e3o: por que precisamos falar sobre isso?<\/h2>\n<p>Setembro Amarelo \u00e9 mais do que uma campanha de conscientiza\u00e7\u00e3o: \u00e9 um movimento global que nos convida a olhar para a vida com aten\u00e7\u00e3o, empatia e responsabilidade. No Brasil, o suic\u00eddio ainda \u00e9 uma realidade preocupante, com cerca de <strong>14 mil casos por ano<\/strong>, segundo a Organiza\u00e7\u00e3o Mundial da Sa\u00fade (OMS). Esses n\u00fameros mostram a urg\u00eancia de abrir espa\u00e7o para o di\u00e1logo sobre sa\u00fade mental em todos os contextos \u2014 inclusive dentro das organiza\u00e7\u00f5es.<\/p>\n<p>Para as empresas, o Setembro Amarelo n\u00e3o deve ser apenas um m\u00eas de la\u00e7os amarelos ou frases motivacionais, mas sim uma oportunidade de fortalecer a cultura de acolhimento e de implementar pr\u00e1ticas reais de cuidado. \u00c9 aqui que entra o papel estrat\u00e9gico do RH e de solu\u00e7\u00f5es como as que a PENSECOM oferece, unindo gest\u00e3o de pessoas, desenvolvimento humano e treinamentos para criar ambientes saud\u00e1veis e produtivos.<\/p>\n<hr class=\"wp-block-separator has-alpha-channel-opacity\" \/>\n<h2 class=\"wp-block-heading\">O que \u00e9 o Setembro Amarelo e por que ele importa para as empresas?<\/h2>\n<p>Desde 2015, o <strong>Setembro Amarelo<\/strong> \u00e9 reconhecido como a principal campanha brasileira de preven\u00e7\u00e3o ao suic\u00eddio, com o dia 10 de setembro marcado como o Dia Mundial da Preven\u00e7\u00e3o. A proposta \u00e9 clara: <strong>incentivar o di\u00e1logo, reduzir o estigma e oferecer apoio a quem enfrenta crises emocionais<\/strong>.<\/p>\n<p>No ambiente de trabalho, isso significa ir al\u00e9m de a\u00e7\u00f5es simb\u00f3licas. \u00c9 necess\u00e1rio criar espa\u00e7os de escuta, treinar lideran\u00e7as para perceber sinais de sofrimento e disponibilizar recursos que fortale\u00e7am o bem-estar dos colaboradores. Afinal, pessoas saud\u00e1veis emocionalmente s\u00e3o tamb\u00e9m mais engajadas, criativas e colaborativas.<\/p>\n<hr class=\"wp-block-separator has-alpha-channel-opacity\" \/>\n<h2 class=\"wp-block-heading\">Sa\u00fade mental e produtividade: a conex\u00e3o que n\u00e3o pode ser ignorada<\/h2>\n<p>Dados recentes do Valor Econ\u00f4mico mostram que <strong>28% dos trabalhadores brasileiros j\u00e1 trocaram de emprego por problemas de sa\u00fade mental<\/strong>, enquanto 21% consideraram se afastar pelo mesmo motivo. Isso prova que o cuidado emocional n\u00e3o \u00e9 apenas um gesto humano, mas tamb\u00e9m uma estrat\u00e9gia de reten\u00e7\u00e3o e engajamento.<\/p>\n<p>Colaboradores sobrecarregados, sem apoio e reconhecimento, tendem a apresentar queda de desempenho, absente\u00edsmo e at\u00e9 rotatividade. Em contrapartida, quando a empresa promove um ambiente de confian\u00e7a e cuidado, os resultados aparecem em forma de maior produtividade, redu\u00e7\u00e3o de turnover e equipes mais motivadas.<\/p>\n<figure class=\"wp-block-image size-large\"><img loading=\"lazy\" decoding=\"async\" loading=\"lazy\" width=\"1024\" height=\"576\" src=\"https:\/\/pensecom.com.br\/blogpensecom\/wp-content\/uploads\/2025\/08\/MKT-I-Imagens-Site-34-1024x576.png\" alt=\"\" class=\"wp-image-1152\" \/><\/figure>\n<hr class=\"wp-block-separator has-alpha-channel-opacity\" \/>\n<h2 class=\"wp-block-heading\">O papel do RH no Setembro Amarelo: de a\u00e7\u00f5es pontuais \u00e0 cultura de cuidado<\/h2>\n<p>O RH \u00e9 protagonista nesse movimento, pois tem a miss\u00e3o de transformar o Setembro Amarelo em um <strong>ponto de partida para mudan\u00e7as consistentes<\/strong>. Algumas pr\u00e1ticas que podem ser implementadas incluem:<\/p>\n<ul class=\"wp-block-list\">\n<li><strong>Capacitar l\u00edderes<\/strong> para identificar sinais precoces de sofrimento emocional e acolher conversas sens\u00edveis.<\/li>\n<li><strong>Promover treinamentos comportamentais<\/strong> focados em escuta ativa, comunica\u00e7\u00e3o emp\u00e1tica e gest\u00e3o humanizada.<\/li>\n<li><strong>Criar canais de escuta internos<\/strong> que funcionem de forma segura, confidencial e acess\u00edvel.<\/li>\n<li><strong>Mapear riscos psicossociais<\/strong> por meio de pesquisas de clima, an\u00e1lise de absente\u00edsmo e indicadores de bem-estar.<\/li>\n<\/ul>\n<hr class=\"wp-block-separator has-alpha-channel-opacity\" \/>\n<h2 class=\"wp-block-heading\">10 ideias pr\u00e1ticas para aplicar no Setembro Amarelo dentro da sua empresa<\/h2>\n<p>Para al\u00e9m da conscientiza\u00e7\u00e3o, o Setembro Amarelo pede <strong>a\u00e7\u00f5es concretas e criativas<\/strong>. Algumas que podem ser adaptadas \u00e0 realidade de cada neg\u00f3cio incluem:<\/p>\n<ol class=\"wp-block-list\">\n<li><strong>Palestras e rodas de conversa<\/strong> com especialistas em sa\u00fade mental, adaptadas ao formato presencial ou online.<\/li>\n<li><strong>Conte\u00fados educativos<\/strong> em murais, e-mails, intranet ou grupos de WhatsApp corporativos.<\/li>\n<li><strong>Pausas ativas<\/strong> guiadas, com pr\u00e1ticas r\u00e1pidas de respira\u00e7\u00e3o, alongamento ou medita\u00e7\u00e3o.<\/li>\n<li><strong>Parcerias com servi\u00e7os de apoio psicol\u00f3gico<\/strong>, como cl\u00ednicas-escola, CAPS e atendimentos online.<\/li>\n<li><strong>Reuni\u00f5es 1:1 entre l\u00edderes e colaboradores<\/strong>, com foco em escuta e confian\u00e7a.<\/li>\n<li><strong>Canal interno de escuta psicol\u00f3gica<\/strong>, sigiloso e acess\u00edvel.<\/li>\n<li><strong>Benef\u00edcios voltados ao bem-estar<\/strong>, como subs\u00eddios para terapia ou dias de folga mental.<\/li>\n<li><strong>Mural colaborativo de apoio<\/strong>, f\u00edsico ou digital, para mensagens de incentivo entre colegas.<\/li>\n<li><strong>Treinamentos de l\u00edderes<\/strong> para reconhecer sinais de sofrimento emocional.<\/li>\n<li><strong>Semana de cuidado emocional<\/strong>, com atividades de conscientiza\u00e7\u00e3o, rodas de conversa e workshops pr\u00e1ticos.<\/li>\n<\/ol>\n<hr class=\"wp-block-separator has-alpha-channel-opacity\" \/>\n<h2 class=\"wp-block-heading\">Como a PENSECOM pode apoiar a sua empresa nesse desafio<\/h2>\n<p>Falar sobre sa\u00fade mental exige preparo, cuidado e estrat\u00e9gia. Muitas empresas querem agir, mas n\u00e3o sabem por onde come\u00e7ar ou como dar continuidade \u00e0s a\u00e7\u00f5es ap\u00f3s setembro. \u00c9 exatamente a\u00ed que a PENSECOM se torna parceira estrat\u00e9gica.<\/p>\n<ul class=\"wp-block-list\">\n<li>Com o <strong>BPO de RH<\/strong>, ajudamos a estruturar pol\u00edticas internas que fortalecem o cuidado emocional.<\/li>\n<li>Por meio da <strong>Consultoria em RH<\/strong>, apoiamos na cria\u00e7\u00e3o de canais de escuta, pol\u00edticas de preven\u00e7\u00e3o e programas de bem-estar.<\/li>\n<li>Nos <strong>Treinamentos t\u00e9cnicos e comportamentais<\/strong>, preparamos l\u00edderes e equipes para reconhecer sinais de alerta e agir com empatia.<\/li>\n<li>E com o <strong>Recrutamento &amp; Sele\u00e7\u00e3o<\/strong>, garantimos a entrada de profissionais que estejam alinhados a uma cultura de cuidado e colabora\u00e7\u00e3o.<\/li>\n<\/ul>\n<p>Mais do que oferecer solu\u00e7\u00f5es, a PENSECOM acredita que <strong>transformar positivamente as pessoas atrav\u00e9s das empresas<\/strong> \u00e9 o verdadeiro diferencial competitivo.<\/p>\n<hr class=\"wp-block-separator has-alpha-channel-opacity\" \/>\n<h2 class=\"wp-block-heading\">Conclus\u00e3o: setembro \u00e9 o come\u00e7o, mas o cuidado deve ser di\u00e1rio<\/h2>\n<p>O Setembro Amarelo nos lembra que falar sobre sa\u00fade mental \u00e9 salvar vidas. Mas dentro das organiza\u00e7\u00f5es, esse di\u00e1logo precisa ser cont\u00ednuo, fazendo parte da cultura e das pr\u00e1ticas di\u00e1rias de gest\u00e3o de pessoas.<\/p>\n<p>Cuidar dos colaboradores n\u00e3o \u00e9 custo, \u00e9 investimento em engajamento, inova\u00e7\u00e3o e resultados sustent\u00e1veis. Se sua empresa deseja dar esse passo de forma estrat\u00e9gica e humanizada, conte com a PENSECOM.<\/p>\n<\/p>\n<p><\/span><\/span><\/p>\n","protected":false},"excerpt":{"rendered":"<p>Introdu\u00e7\u00e3o: por que precisamos falar sobre isso? Setembro Amarelo \u00e9 mais do que uma campanha de conscientiza\u00e7\u00e3o: \u00e9 um movimento [&hellip;]<\/p>\n","protected":false},"author":1,"featured_media":3421,"comment_status":"open","ping_status":"open","sticky":false,"template":"","format":"standard","meta":{"site-sidebar-layout":"default","site-content-layout":"","ast-site-content-layout":"default","site-content-style":"default","site-sidebar-style":"default","ast-global-header-display":"","ast-banner-title-visibility":"","ast-main-header-display":"","ast-hfb-above-header-display":"","ast-hfb-below-header-display":"","ast-hfb-mobile-header-display":"","site-post-title":"","ast-breadcrumbs-content":"","ast-featured-img":"","footer-sml-layout":"","theme-transparent-header-meta":"","adv-header-id-meta":"","stick-header-meta":"","header-above-stick-meta":"","header-main-stick-meta":"","header-below-stick-meta":"","astra-migrate-meta-layouts":"default","ast-page-background-enabled":"default","ast-page-background-meta":{"desktop":{"background-color":"var(--ast-global-color-5)","background-image":"","background-repeat":"repeat","background-position":"center center","background-size":"auto","background-attachment":"scroll","background-type":"","background-media":"","overlay-type":"","overlay-color":"","overlay-opacity":"","overlay-gradient":""},"tablet":{"background-color":"","background-image":"","background-repeat":"repeat","background-position":"center center","background-size":"auto","background-attachment":"scroll","background-type":"","background-media":"","overlay-type":"","overlay-color":"","overlay-opacity":"","overlay-gradient":""},"mobile":{"background-color":"","background-image":"","background-repeat":"repeat","background-position":"center center","background-size":"auto","background-attachment":"scroll","background-type":"","background-media":"","overlay-type":"","overlay-color":"","overlay-opacity":"","overlay-gradient":""}},"ast-content-background-meta":{"desktop":{"background-color":"var(--ast-global-color-4)","background-image":"","background-repeat":"repeat","background-position":"center center","background-size":"auto","background-attachment":"scroll","background-type":"","background-media":"","overlay-type":"","overlay-color":"","overlay-opacity":"","overlay-gradient":""},"tablet":{"background-color":"var(--ast-global-color-4)","background-image":"","background-repeat":"repeat","background-position":"center center","background-size":"auto","background-attachment":"scroll","background-type":"","background-media":"","overlay-type":"","overlay-color":"","overlay-opacity":"","overlay-gradient":""},"mobile":{"background-color":"var(--ast-global-color-4)","background-image":"","background-repeat":"repeat","background-position":"center center","background-size":"auto","background-attachment":"scroll","background-type":"","background-media":"","overlay-type":"","overlay-color":"","overlay-opacity":"","overlay-gradient":""}},"footnotes":""},"categories":[1],"tags":[],"class_list":["post-3420","post","type-post","status-publish","format-standard","has-post-thumbnail","hentry","category-uncategorized"],"_links":{"self":[{"href":"https:\/\/pensecom.com.br\/site\/wp-json\/wp\/v2\/posts\/3420","targetHints":{"allow":["GET"]}}],"collection":[{"href":"https:\/\/pensecom.com.br\/site\/wp-json\/wp\/v2\/posts"}],"about":[{"href":"https:\/\/pensecom.com.br\/site\/wp-json\/wp\/v2\/types\/post"}],"author":[{"embeddable":true,"href":"https:\/\/pensecom.com.br\/site\/wp-json\/wp\/v2\/users\/1"}],"replies":[{"embeddable":true,"href":"https:\/\/pensecom.com.br\/site\/wp-json\/wp\/v2\/comments?post=3420"}],"version-history":[{"count":0,"href":"https:\/\/pensecom.com.br\/site\/wp-json\/wp\/v2\/posts\/3420\/revisions"}],"wp:featuredmedia":[{"embeddable":true,"href":"https:\/\/pensecom.com.br\/site\/wp-json\/wp\/v2\/media\/3421"}],"wp:attachment":[{"href":"https:\/\/pensecom.com.br\/site\/wp-json\/wp\/v2\/media?parent=3420"}],"wp:term":[{"taxonomy":"category","embeddable":true,"href":"https:\/\/pensecom.com.br\/site\/wp-json\/wp\/v2\/categories?post=3420"},{"taxonomy":"post_tag","embeddable":true,"href":"https:\/\/pensecom.com.br\/site\/wp-json\/wp\/v2\/tags?post=3420"}],"curies":[{"name":"wp","href":"https:\/\/api.w.org\/{rel}","templated":true}]}}