{"id":3901,"date":"2026-07-30T10:29:58","date_gmt":"2026-07-30T13:29:58","guid":{"rendered":"https:\/\/pensecom.com.br\/site\/?p=3901"},"modified":"2026-07-27T11:16:45","modified_gmt":"2026-07-27T14:16:45","slug":"dia-dos-pais-nas-empresas-como-transformar-a-data-em-uma-estrategia-de-engajamento-e-fortalecimento-da-cultura-organizacional","status":"publish","type":"post","link":"https:\/\/pensecom.com.br\/site\/dia-dos-pais-nas-empresas-como-transformar-a-data-em-uma-estrategia-de-engajamento-e-fortalecimento-da-cultura-organizacional\/","title":{"rendered":"Dia dos Pais nas Empresas: como transformar a data em uma estrat\u00e9gia de engajamento e fortalecimento da cultura organizacional"},"content":{"rendered":"\n<p class=\"wp-block-paragraph\">O Dia dos Pais vai muito al\u00e9m de uma data comemorativa no calend\u00e1rio corporativo. Para empresas que enxergam as pessoas como protagonistas dos resultados, esse \u00e9 um momento estrat\u00e9gico para fortalecer v\u00ednculos, reconhecer hist\u00f3rias e criar experi\u00eancias que reforcem a cultura organizacional. Em um mercado onde a experi\u00eancia do colaborador ganha cada vez mais relev\u00e2ncia, pequenas a\u00e7\u00f5es de valoriza\u00e7\u00e3o podem gerar impactos significativos no clima interno, na motiva\u00e7\u00e3o das equipes e at\u00e9 mesmo na reten\u00e7\u00e3o de talentos. Quando o reconhecimento \u00e9 genu\u00edno, ele deixa de ser uma a\u00e7\u00e3o pontual e passa a fazer parte da identidade da organiza\u00e7\u00e3o.<\/p>\n\n\n\n<p class=\"wp-block-paragraph\">Diversos estudos demonstram que colaboradores que se sentem valorizados apresentam n\u00edveis mais elevados de comprometimento e produtividade. Segundo pesquisas da Gallup, empresas com equipes altamente engajadas registram maior rentabilidade, redu\u00e7\u00e3o da rotatividade e melhores \u00edndices de satisfa\u00e7\u00e3o dos clientes. Da mesma forma, levantamentos da Great Place To Work mostram que organiza\u00e7\u00f5es que cultivam uma cultura de reconhecimento fortalecem o sentimento de pertencimento e criam ambientes mais colaborativos. Isso significa que datas como o Dia dos Pais podem ser utilizadas como oportunidades para refor\u00e7ar valores, aproximar lideran\u00e7as e humanizar as rela\u00e7\u00f5es dentro da empresa.<\/p>\n\n\n\n<p class=\"wp-block-paragraph\">Mais do que presentear colaboradores, a proposta deve ser criar experi\u00eancias que despertem conex\u00e3o emocional. Isso pode acontecer de diversas formas:<\/p>\n\n\n\n<ul class=\"wp-block-list\">\n<li>Reconhecimento p\u00fablico das hist\u00f3rias dos pais da empresa.<\/li>\n\n\n\n<li>Espa\u00e7os para compartilhamento de experi\u00eancias entre colaboradores.<\/li>\n\n\n\n<li>Campanhas que envolvam familiares nas a\u00e7\u00f5es internas.<\/li>\n\n\n\n<li>Atividades que reforcem os valores organizacionais por meio da celebra\u00e7\u00e3o da data.<\/li>\n\n\n\n<li>Conte\u00fados internos que valorizem diferentes modelos de paternidade.<\/li>\n<\/ul>\n\n\n\n<p class=\"wp-block-paragraph\">Ao ampliar o olhar para al\u00e9m do presente f\u00edsico, a empresa demonstra que reconhece a import\u00e2ncia das rela\u00e7\u00f5es familiares na qualidade de vida das pessoas.<\/p>\n\n\n\n<p class=\"wp-block-paragraph\">Outro aspecto importante \u00e9 compreender que a paternidade moderna passou por profundas transforma\u00e7\u00f5es. O pai contempor\u00e2neo participa ativamente da educa\u00e7\u00e3o, do cuidado e do desenvolvimento dos filhos, dividindo responsabilidades e buscando maior equil\u00edbrio entre vida pessoal e profissional. Esse movimento tamb\u00e9m modifica as expectativas em rela\u00e7\u00e3o ao ambiente de trabalho. Empresas que respeitam essa realidade, oferecendo flexibilidade, compreens\u00e3o e a\u00e7\u00f5es voltadas ao bem-estar familiar, fortalecem sua marca empregadora e criam rela\u00e7\u00f5es de confian\u00e7a muito mais s\u00f3lidas com seus profissionais.<\/p>\n\n\n\n<p class=\"wp-block-paragraph\">As a\u00e7\u00f5es de endomarketing podem ser simples, desde que sejam planejadas com prop\u00f3sito. Um caf\u00e9 da manh\u00e3 tem\u00e1tico, um mural com mensagens das fam\u00edlias, v\u00eddeos gravados pelos filhos, cartas de reconhecimento ou at\u00e9 uma homenagem realizada durante uma reuni\u00e3o podem gerar um impacto emocional muito maior do que brindes de alto valor financeiro. O diferencial est\u00e1 na autenticidade da a\u00e7\u00e3o e na forma como ela comunica os valores da organiza\u00e7\u00e3o. Pessoas dificilmente esquecem momentos em que se sentiram verdadeiramente reconhecidas.<\/p>\n\n\n\n<p class=\"wp-block-paragraph\">Entre as iniciativas que costumam gerar excelentes resultados est\u00e3o:<\/p>\n\n\n\n<ul class=\"wp-block-list\">\n<li>Day Off para que o colaborador possa aproveitar a data com sua fam\u00edlia.<\/li>\n\n\n\n<li>Espa\u00e7o para exposi\u00e7\u00e3o de fotos entre pais e filhos nos canais internos.<\/li>\n\n\n\n<li>Sorteios de experi\u00eancias em fam\u00edlia em vez de apenas brindes tradicionais.<\/li>\n\n\n\n<li>Campanhas solid\u00e1rias envolvendo pais e filhos em a\u00e7\u00f5es sociais.<\/li>\n\n\n\n<li>Produ\u00e7\u00e3o de v\u00eddeos internos com depoimentos inspiradores dos colaboradores.<\/li>\n\n\n\n<li>Homenagens conduzidas pelas lideran\u00e7as durante encontros da equipe.<\/li>\n<\/ul>\n\n\n\n<p class=\"wp-block-paragraph\">Al\u00e9m de fortalecer o relacionamento entre empresa e colaborador, essas iniciativas promovem integra\u00e7\u00e3o entre diferentes \u00e1reas e estimulam um ambiente mais leve e acolhedor.<\/p>\n\n\n\n<p class=\"wp-block-paragraph\">Outro ponto que merece destaque \u00e9 o papel da lideran\u00e7a durante campanhas internas. Gestores possuem grande influ\u00eancia sobre a percep\u00e7\u00e3o dos colaboradores em rela\u00e7\u00e3o \u00e0 empresa. Quando participam ativamente das a\u00e7\u00f5es, demonstram proximidade, valoriza\u00e7\u00e3o e interesse genu\u00edno pelas pessoas. O reconhecimento vindo da lideran\u00e7a possui um impacto significativo na motiva\u00e7\u00e3o das equipes. Pesquisas da Harvard Business Review apontam que colaboradores que recebem reconhecimento frequente de seus l\u00edderes apresentam maior disposi\u00e7\u00e3o para contribuir, inovar e permanecer na organiza\u00e7\u00e3o por mais tempo, fortalecendo a confian\u00e7a e o comprometimento coletivo.<\/p>\n\n\n\n<p class=\"wp-block-paragraph\">Tamb\u00e9m \u00e9 importante lembrar que nem todos os colaboradores vivenciam o Dia dos Pais da mesma forma. Existem diferentes configura\u00e7\u00f5es familiares, pessoas que perderam seus pais, colaboradores que exercem pap\u00e9is paternos sem v\u00ednculo biol\u00f3gico e profissionais que vivem desafios relacionados \u00e0 paternidade. Por isso, campanhas inclusivas, respeitosas e sens\u00edveis tornam-se fundamentais. O objetivo n\u00e3o deve ser apenas celebrar uma figura espec\u00edfica, mas reconhecer hist\u00f3rias de cuidado, responsabilidade, inspira\u00e7\u00e3o e dedica\u00e7\u00e3o que fazem parte da vida de muitas pessoas dentro da organiza\u00e7\u00e3o.<\/p>\n\n\n\n<p class=\"wp-block-paragraph\">Ao planejar uma campanha de Dia dos Pais, alguns cuidados fazem toda a diferen\u00e7a:<\/p>\n\n\n\n<ul class=\"wp-block-list\">\n<li>Alinhar a a\u00e7\u00e3o aos valores e \u00e0 cultura organizacional.<\/li>\n\n\n\n<li>Garantir uma comunica\u00e7\u00e3o inclusiva e respeitosa.<\/li>\n\n\n\n<li>Incentivar a participa\u00e7\u00e3o espont\u00e2nea dos colaboradores.<\/li>\n\n\n\n<li>Priorizar experi\u00eancias memor\u00e1veis em vez de a\u00e7\u00f5es exclusivamente promocionais.<\/li>\n\n\n\n<li>Mensurar os resultados por meio da percep\u00e7\u00e3o das equipes e do \u00edndice de participa\u00e7\u00e3o.<\/li>\n\n\n\n<li>Integrar diferentes canais internos para ampliar o alcance da campanha.<\/li>\n<\/ul>\n\n\n\n<p class=\"wp-block-paragraph\">Quando existe planejamento, a data deixa de ser apenas comemorativa e passa a contribuir para o fortalecimento do engajamento e da experi\u00eancia do colaborador.<\/p>\n\n\n\n<p class=\"wp-block-paragraph\">Construir uma cultura organizacional s\u00f3lida acontece diariamente, por meio de pequenas atitudes que demonstram respeito, reconhecimento e valoriza\u00e7\u00e3o das pessoas. <\/p>\n\n\n\n<p class=\"wp-block-paragraph\">O Dia dos Pais representa uma excelente oportunidade para refor\u00e7ar esses princ\u00edpios e aproximar ainda mais colaboradores, lideran\u00e7as e fam\u00edlias. Empresas que compreendem o valor das conex\u00f5es humanas criam ambientes mais saud\u00e1veis, desenvolvem equipes mais comprometidas e fortalecem sua reputa\u00e7\u00e3o como excelentes lugares para trabalhar. Na PENSECOM RH, acreditamos que pessoas valorizadas constroem empresas mais fortes, inovadoras e preparadas para os desafios do futuro.<\/p>\n\n\n\n<figure class=\"wp-block-image size-large\"><a href=\"https:\/\/pensecom.com.br\/site\/ebooks-gratis\/\"><img fetchpriority=\"high\" decoding=\"async\" width=\"1024\" height=\"737\" src=\"https:\/\/pensecom.com.br\/site\/wp-content\/uploads\/2026\/07\/MKT-I-Fotos-do-Blog-5-1024x737.png\" alt=\"\" class=\"wp-image-3905\" srcset=\"https:\/\/pensecom.com.br\/site\/wp-content\/uploads\/2026\/07\/MKT-I-Fotos-do-Blog-5-1024x737.png 1024w, https:\/\/pensecom.com.br\/site\/wp-content\/uploads\/2026\/07\/MKT-I-Fotos-do-Blog-5-300x216.png 300w, https:\/\/pensecom.com.br\/site\/wp-content\/uploads\/2026\/07\/MKT-I-Fotos-do-Blog-5-768x553.png 768w, https:\/\/pensecom.com.br\/site\/wp-content\/uploads\/2026\/07\/MKT-I-Fotos-do-Blog-5.png 1500w\" sizes=\"(max-width: 1024px) 100vw, 1024px\" \/><\/a><\/figure>\n","protected":false},"excerpt":{"rendered":"<p>O Dia dos Pais vai muito al\u00e9m de uma data comemorativa no calend\u00e1rio corporativo. Para empresas que enxergam as pessoas como protagonistas dos resultados, esse \u00e9 um momento estrat\u00e9gico para fortalecer v\u00ednculos, reconhecer hist\u00f3rias e criar experi\u00eancias que reforcem a cultura organizacional. Em um mercado onde a experi\u00eancia do colaborador ganha cada vez mais relev\u00e2ncia, [&hellip;]<\/p>\n","protected":false},"author":3,"featured_media":3903,"comment_status":"open","ping_status":"open","sticky":false,"template":"","format":"standard","meta":{"footnotes":""},"categories":[1],"tags":[],"class_list":["post-3901","post","type-post","status-publish","format-standard","has-post-thumbnail","hentry","category-uncategorized"],"_links":{"self":[{"href":"https:\/\/pensecom.com.br\/site\/wp-json\/wp\/v2\/posts\/3901","targetHints":{"allow":["GET"]}}],"collection":[{"href":"https:\/\/pensecom.com.br\/site\/wp-json\/wp\/v2\/posts"}],"about":[{"href":"https:\/\/pensecom.com.br\/site\/wp-json\/wp\/v2\/types\/post"}],"author":[{"embeddable":true,"href":"https:\/\/pensecom.com.br\/site\/wp-json\/wp\/v2\/users\/3"}],"replies":[{"embeddable":true,"href":"https:\/\/pensecom.com.br\/site\/wp-json\/wp\/v2\/comments?post=3901"}],"version-history":[{"count":1,"href":"https:\/\/pensecom.com.br\/site\/wp-json\/wp\/v2\/posts\/3901\/revisions"}],"predecessor-version":[{"id":3906,"href":"https:\/\/pensecom.com.br\/site\/wp-json\/wp\/v2\/posts\/3901\/revisions\/3906"}],"wp:featuredmedia":[{"embeddable":true,"href":"https:\/\/pensecom.com.br\/site\/wp-json\/wp\/v2\/media\/3903"}],"wp:attachment":[{"href":"https:\/\/pensecom.com.br\/site\/wp-json\/wp\/v2\/media?parent=3901"}],"wp:term":[{"taxonomy":"category","embeddable":true,"href":"https:\/\/pensecom.com.br\/site\/wp-json\/wp\/v2\/categories?post=3901"},{"taxonomy":"post_tag","embeddable":true,"href":"https:\/\/pensecom.com.br\/site\/wp-json\/wp\/v2\/tags?post=3901"}],"curies":[{"name":"wp","href":"https:\/\/api.w.org\/{rel}","templated":true}]}}