{"id":3911,"date":"2026-08-14T11:18:04","date_gmt":"2026-08-14T14:18:04","guid":{"rendered":"https:\/\/pensecom.com.br\/site\/?p=3911"},"modified":"2026-07-27T11:19:30","modified_gmt":"2026-07-27T14:19:30","slug":"diversidade-etaria-nas-empresas-por-que-contratar-profissionais-50-e-uma-estrategia-para-equipes-de-alta-performance","status":"publish","type":"post","link":"https:\/\/pensecom.com.br\/site\/diversidade-etaria-nas-empresas-por-que-contratar-profissionais-50-e-uma-estrategia-para-equipes-de-alta-performance\/","title":{"rendered":"Diversidade Et\u00e1ria nas Empresas: por que contratar profissionais 50+ \u00e9 uma estrat\u00e9gia para equipes de alta performance"},"content":{"rendered":"\n<p class=\"wp-block-paragraph\"><strong>Muito al\u00e9m de promover inclus\u00e3o, valorizar profissionais com mais de 50 anos representa uma decis\u00e3o estrat\u00e9gica para empresas que desejam fortalecer suas equipes, preservar conhecimento, reduzir a rotatividade e construir ambientes mais diversos, produtivos e preparados para os desafios do futuro.<\/strong><\/p>\n\n\n\n<p class=\"wp-block-paragraph\">Nos \u00faltimos anos, a discuss\u00e3o sobre diversidade ganhou espa\u00e7o nas organiza\u00e7\u00f5es, mas ainda existe um aspecto que recebe pouca aten\u00e7\u00e3o: a diversidade geracional. Enquanto empresas investem em iniciativas voltadas \u00e0 equidade de g\u00eanero, ra\u00e7a e inclus\u00e3o, milhares de profissionais com ampla experi\u00eancia continuam encontrando barreiras para retornar ao mercado de trabalho apenas por conta da idade. Esse fen\u00f4meno, conhecido como etarismo, limita o acesso a talentos altamente qualificados e faz com que empresas deixem de aproveitar conhecimentos constru\u00eddos ao longo de d\u00e9cadas. Em um cen\u00e1rio de escassez de m\u00e3o de obra especializada, essa realidade representa n\u00e3o apenas uma quest\u00e3o social, mas tamb\u00e9m um risco estrat\u00e9gico para os neg\u00f3cios.<\/p>\n\n\n\n<p class=\"wp-block-paragraph\">A transforma\u00e7\u00e3o demogr\u00e1fica brasileira refor\u00e7a ainda mais essa necessidade. De acordo com o <strong>Instituto Brasileiro de Geografia e Estat\u00edstica (IBGE)<\/strong>, a popula\u00e7\u00e3o brasileira est\u00e1 envelhecendo em ritmo acelerado e, nas pr\u00f3ximas d\u00e9cadas, haver\u00e1 uma participa\u00e7\u00e3o cada vez maior de profissionais acima dos 50 anos na for\u00e7a de trabalho. Paralelamente, dados do <strong>Novo CAGED<\/strong>, divulgados pelo Minist\u00e9rio do Trabalho e Emprego, demonstram que trabalhadores dessa faixa et\u00e1ria continuam participando ativamente das movimenta\u00e7\u00f5es do mercado, principalmente em posi\u00e7\u00f5es t\u00e9cnicas, administrativas, industriais e de gest\u00e3o. Ignorar essa realidade significa restringir significativamente o acesso a talentos experientes justamente em um momento em que o mercado enfrenta dificuldades para preencher vagas estrat\u00e9gicas.<\/p>\n\n\n\n<p class=\"wp-block-paragraph\">Embora o preconceito relacionado \u00e0 idade raramente apare\u00e7a de forma expl\u00edcita, ele costuma estar presente em diversas etapas dos processos seletivos. Muitas organiza\u00e7\u00f5es ainda utilizam crit\u00e9rios subjetivos que acabam excluindo candidatos antes mesmo da entrevista. Entre os exemplos mais frequentes est\u00e3o:<\/p>\n\n\n\n<ul class=\"wp-block-list\">\n<li>Descri\u00e7\u00f5es de vagas utilizando express\u00f5es como &#8220;perfil jovem&#8221; ou &#8220;rec\u00e9m-formado&#8221;;<\/li>\n\n\n\n<li>Triagens autom\u00e1ticas baseadas no tempo de forma\u00e7\u00e3o profissional;<\/li>\n\n\n\n<li>Suposi\u00e7\u00f5es sobre baixa familiaridade com tecnologia;<\/li>\n\n\n\n<li>Questionamentos relacionados \u00e0 aposentadoria durante entrevistas;<\/li>\n\n\n\n<li>Prefer\u00eancia por candidatos mais jovens, mesmo diante de menor qualifica\u00e7\u00e3o t\u00e9cnica.<\/li>\n<\/ul>\n\n\n\n<p class=\"wp-block-paragraph\">Essas pr\u00e1ticas reduzem a diversidade das equipes e comprometem a qualidade das contrata\u00e7\u00f5es.<\/p>\n\n\n\n<p class=\"wp-block-paragraph\">O mercado, entretanto, vem demonstrando que experi\u00eancia e inova\u00e7\u00e3o n\u00e3o s\u00e3o conceitos opostos. Estudos publicados pela <strong>Harvard Business Review<\/strong> indicam que equipes compostas por diferentes gera\u00e7\u00f5es apresentam maior capacidade de resolu\u00e7\u00e3o de problemas complexos, tomada de decis\u00e3o mais equilibrada e melhor compartilhamento de conhecimento. A conviv\u00eancia entre profissionais mais experientes e talentos em in\u00edcio de carreira favorece a inova\u00e7\u00e3o justamente pela combina\u00e7\u00e3o de diferentes perspectivas, repert\u00f3rios e formas de interpretar desafios. Empresas que conseguem integrar esses perfis desenvolvem ambientes mais colaborativos e preparados para lidar com mudan\u00e7as constantes.<\/p>\n\n\n\n<p class=\"wp-block-paragraph\">Al\u00e9m da contribui\u00e7\u00e3o t\u00e9cnica, profissionais com mais de 50 anos costumam apresentar caracter\u00edsticas comportamentais altamente valorizadas pelas organiza\u00e7\u00f5es modernas. Experi\u00eancia na gest\u00e3o de conflitos, intelig\u00eancia emocional, vis\u00e3o sist\u00eamica, comprometimento e estabilidade aparecem frequentemente entre os diferenciais desse p\u00fablico. Segundo pesquisas da <strong>Gallup<\/strong>, equipes compostas por profissionais engajados e emocionalmente preparados apresentam n\u00edveis superiores de produtividade, menor \u00edndice de absente\u00edsmo e maior reten\u00e7\u00e3o de talentos. Isso demonstra que compet\u00eancias comportamentais desenvolvidas ao longo da carreira podem representar um importante diferencial competitivo para as empresas.<\/p>\n\n\n\n<p class=\"wp-block-paragraph\">Outro benef\u00edcio diretamente associado \u00e0 contrata\u00e7\u00e3o de profissionais experientes est\u00e1 relacionado \u00e0 redu\u00e7\u00e3o da rotatividade. O turnover continua sendo um dos maiores desafios enfrentados pelas \u00e1reas de Recursos Humanos, gerando custos com desligamentos, novas admiss\u00f5es, treinamentos e perda de conhecimento organizacional. Estudos da <strong>Society for Human Resource Management (SHRM)<\/strong> apontam que uma contrata\u00e7\u00e3o inadequada pode representar custos significativos para as empresas, refor\u00e7ando a import\u00e2ncia de processos seletivos mais criteriosos e estrat\u00e9gicos. Profissionais que apresentam maior estabilidade e compromisso com o desenvolvimento da organiza\u00e7\u00e3o tendem a contribuir para rela\u00e7\u00f5es de trabalho mais duradouras e produtivas.<\/p>\n\n\n\n<p class=\"wp-block-paragraph\">Construir um processo seletivo verdadeiramente inclusivo exige revisar pr\u00e1ticas que muitas vezes foram incorporadas \u00e0 rotina sem reflex\u00e3o cr\u00edtica. Algumas iniciativas podem gerar resultados imediatos:<\/p>\n\n\n\n<ul class=\"wp-block-list\">\n<li>Priorizar compet\u00eancias t\u00e9cnicas e comportamentais na descri\u00e7\u00e3o das vagas;<\/li>\n\n\n\n<li>Padronizar entrevistas utilizando perguntas por compet\u00eancias;<\/li>\n\n\n\n<li>Avaliar experi\u00eancias profissionais sem considerar a idade como crit\u00e9rio eliminat\u00f3rio;<\/li>\n\n\n\n<li>Investir em avalia\u00e7\u00f5es comportamentais estruturadas;<\/li>\n\n\n\n<li>Capacitar lideran\u00e7as para identificar e reduzir vieses inconscientes;<\/li>\n\n\n\n<li>Monitorar indicadores relacionados \u00e0 diversidade nos processos seletivos.<\/li>\n<\/ul>\n\n\n\n<p class=\"wp-block-paragraph\">Essas a\u00e7\u00f5es tornam o recrutamento mais justo, fortalecem a governan\u00e7a do RH e ampliam o acesso a profissionais altamente qualificados.<\/p>\n\n\n\n<p class=\"wp-block-paragraph\">A tecnologia tamb\u00e9m desempenha um papel importante nesse processo. Ferramentas de Recrutamento e Sele\u00e7\u00e3o, plataformas de gest\u00e3o de candidatos, People Analytics e avalia\u00e7\u00f5es comportamentais permitem que decis\u00f5es sejam tomadas com base em dados concretos, reduzindo significativamente a influ\u00eancia de percep\u00e7\u00f5es subjetivas. No entanto, a tecnologia deve atuar como apoio \u00e0 tomada de decis\u00e3o, nunca como substituta da an\u00e1lise humana. O verdadeiro diferencial est\u00e1 na combina\u00e7\u00e3o entre intelig\u00eancia de dados, metodologia estruturada e olhar estrat\u00e9gico sobre o potencial de cada profissional, independentemente de sua idade.<\/p>\n\n\n\n<p class=\"wp-block-paragraph\">Cada vez mais, investidores, consumidores e profissionais observam como as empresas conduzem suas pr\u00e1ticas de diversidade e inclus\u00e3o. Organiza\u00e7\u00f5es que valorizam diferentes gera\u00e7\u00f5es fortalecem sua marca empregadora, ampliam sua capacidade de inova\u00e7\u00e3o e demonstram compromisso genu\u00edno com princ\u00edpios de ESG e responsabilidade social. Mais do que cumprir requisitos legais, promover a diversidade et\u00e1ria significa construir ambientes onde diferentes experi\u00eancias convivem de forma complementar, favorecendo o aprendizado cont\u00ednuo, a criatividade e a sustentabilidade dos resultados.<\/p>\n\n\n\n<p class=\"wp-block-paragraph\">O futuro do mercado de trabalho ser\u00e1 constru\u00eddo por equipes diversas, capazes de integrar conhecimento, inova\u00e7\u00e3o e colabora\u00e7\u00e3o entre diferentes gera\u00e7\u00f5es. Empresas que eliminam barreiras relacionadas \u00e0 idade deixam de enxergar profissionais 50+ apenas como candidatos e passam a reconhec\u00ea-los como agentes estrat\u00e9gicos para o crescimento do neg\u00f3cio. Em um cen\u00e1rio cada vez mais competitivo, valorizar a experi\u00eancia significa ampliar o potencial das equipes, reduzir riscos nas contrata\u00e7\u00f5es e desenvolver uma cultura organizacional mais s\u00f3lida, inclusiva e preparada para os desafios do futuro.<\/p>\n\n\n\n<hr class=\"wp-block-separator has-alpha-channel-opacity\"\/>\n\n\n\n<h2 class=\"wp-block-heading\"><strong>Transforme diversidade em vantagem competitiva com a PENSECOM RH<\/strong><\/h2>\n\n\n\n<p class=\"wp-block-paragraph\">Na <strong>PENSECOM RH<\/strong>, acreditamos que processos seletivos estrat\u00e9gicos s\u00e3o constru\u00eddos com base em compet\u00eancias, potencial e alinhamento cultural \u2014 nunca em estere\u00f3tipos. Apoiamos empresas na estrutura\u00e7\u00e3o de recrutamentos mais inclusivos, assertivos e orientados por dados, ajudando a formar equipes diversas, fortalecer a cultura organizacional e reduzir a rotatividade. Se sua empresa deseja transformar a forma de contratar e desenvolver pessoas, conte com a expertise da <strong>PENSECOM RH<\/strong> para construir um RH mais humano, inteligente e preparado para o futuro.<\/p>\n\n\n\n<figure class=\"wp-block-image size-large\"><a href=\"https:\/\/pensecom.com.br\/site\/ebooks-gratis\/\"><img fetchpriority=\"high\" decoding=\"async\" width=\"1024\" height=\"737\" src=\"https:\/\/pensecom.com.br\/site\/wp-content\/uploads\/2026\/07\/MKT-I-Fotos-do-Blog-5-1-1024x737.png\" alt=\"\" class=\"wp-image-3908\" srcset=\"https:\/\/pensecom.com.br\/site\/wp-content\/uploads\/2026\/07\/MKT-I-Fotos-do-Blog-5-1-1024x737.png 1024w, https:\/\/pensecom.com.br\/site\/wp-content\/uploads\/2026\/07\/MKT-I-Fotos-do-Blog-5-1-300x216.png 300w, https:\/\/pensecom.com.br\/site\/wp-content\/uploads\/2026\/07\/MKT-I-Fotos-do-Blog-5-1-768x553.png 768w, https:\/\/pensecom.com.br\/site\/wp-content\/uploads\/2026\/07\/MKT-I-Fotos-do-Blog-5-1.png 1500w\" sizes=\"(max-width: 1024px) 100vw, 1024px\" \/><\/a><\/figure>\n","protected":false},"excerpt":{"rendered":"<p>Muito al\u00e9m de promover inclus\u00e3o, valorizar profissionais com mais de 50 anos representa uma decis\u00e3o estrat\u00e9gica para empresas que desejam fortalecer suas equipes, preservar conhecimento, reduzir a rotatividade e construir ambientes mais diversos, produtivos e preparados para os desafios do futuro. Nos \u00faltimos anos, a discuss\u00e3o sobre diversidade ganhou espa\u00e7o nas organiza\u00e7\u00f5es, mas ainda existe [&hellip;]<\/p>\n","protected":false},"author":3,"featured_media":0,"comment_status":"open","ping_status":"open","sticky":false,"template":"","format":"standard","meta":{"footnotes":""},"categories":[1],"tags":[],"class_list":["post-3911","post","type-post","status-publish","format-standard","hentry","category-uncategorized"],"_links":{"self":[{"href":"https:\/\/pensecom.com.br\/site\/wp-json\/wp\/v2\/posts\/3911","targetHints":{"allow":["GET"]}}],"collection":[{"href":"https:\/\/pensecom.com.br\/site\/wp-json\/wp\/v2\/posts"}],"about":[{"href":"https:\/\/pensecom.com.br\/site\/wp-json\/wp\/v2\/types\/post"}],"author":[{"embeddable":true,"href":"https:\/\/pensecom.com.br\/site\/wp-json\/wp\/v2\/users\/3"}],"replies":[{"embeddable":true,"href":"https:\/\/pensecom.com.br\/site\/wp-json\/wp\/v2\/comments?post=3911"}],"version-history":[{"count":1,"href":"https:\/\/pensecom.com.br\/site\/wp-json\/wp\/v2\/posts\/3911\/revisions"}],"predecessor-version":[{"id":3912,"href":"https:\/\/pensecom.com.br\/site\/wp-json\/wp\/v2\/posts\/3911\/revisions\/3912"}],"wp:attachment":[{"href":"https:\/\/pensecom.com.br\/site\/wp-json\/wp\/v2\/media?parent=3911"}],"wp:term":[{"taxonomy":"category","embeddable":true,"href":"https:\/\/pensecom.com.br\/site\/wp-json\/wp\/v2\/categories?post=3911"},{"taxonomy":"post_tag","embeddable":true,"href":"https:\/\/pensecom.com.br\/site\/wp-json\/wp\/v2\/tags?post=3911"}],"curies":[{"name":"wp","href":"https:\/\/api.w.org\/{rel}","templated":true}]}}